{"id":1103,"date":"2017-04-20T14:00:19","date_gmt":"2017-04-20T14:00:19","guid":{"rendered":"http:\/\/www.faberrom.ro\/ziua-portilor-deschise-faberrom\/"},"modified":"2017-11-08T13:47:28","modified_gmt":"2017-11-08T13:47:28","slug":"ziua-portilor-deschise-faberrom","status":"publish","type":"post","link":"https:\/\/www.faberrom.ro\/en\/ziua-portilor-deschise-faberrom\/","title":{"rendered":"Ziua por\u021bilor deschise &#8211; Faberrom"},"content":{"rendered":"<div class=\"fusion-fullwidth fullwidth-box fusion-builder-row-1 hundred-percent-fullwidth non-hundred-percent-height-scrolling\" style=\"--awb-border-radius-top-left:0px;--awb-border-radius-top-right:0px;--awb-border-radius-bottom-right:0px;--awb-border-radius-bottom-left:0px;--awb-padding-top:0px;--awb-padding-right:0px;--awb-padding-bottom:0px;--awb-padding-left:0px;--awb-flex-wrap:wrap;\" ><div class=\"fusion-builder-row fusion-row\"><div class=\"fusion-layout-column fusion_builder_column fusion-builder-column-0 fusion_builder_column_1_1 1_1 fusion-one-full fusion-column-first fusion-column-last fusion-column-no-min-height\" style=\"--awb-bg-size:cover;\"><div class=\"fusion-column-wrapper fusion-flex-column-wrapper-legacy\"><div class=\"fusion-text fusion-text-1\"><p><span class=\"fusion-dropcap dropcap dropcap-boxed\" style=\"--awb-border-radius:0px;\">D<\/span><span style=\"font-weight: 400;\">raga partener \u0219i prieten,<\/span><\/p>\n<p>&nbsp;<\/p>\n<p><span style=\"font-weight: 400;\">Te invit\u0103m pe data de 17.04.2017 \u00eentre orele 10 \u0219i 16 s\u0103 fii al\u0103turi de noi la Ziua Por\u021bilor Deschise Faberrom. Ne face mare pl\u0103cere s\u0103 te avem al\u0103turi la acest eveniment special pentru a-\u021bi prezenta gama noastr\u0103 complet\u0103 de servicii. Tot cu aceast\u0103 ocazie suntem \u00eenc\u00e2nta\u021bi s\u0103 inaugur\u0103m noua loca\u021bie Faberrom \u0219i imaginea \u00eemprosp\u0103tat\u0103 a companiei.<\/span><br \/>\n<span style=\"font-weight: 400;\">Te a\u0219tept\u0103m cu drag la sediul Faberrom, corp N s\u0103 celebr\u0103m \u00eempreun\u0103 un nou \u00eenceput plin de oportunit\u0103\u021bi \u0219i g\u00e2nduri bune spre viitor.<\/span><\/p>\n<\/div><div class=\"fusion-clearfix\"><\/div><\/div><\/div><div class=\"fusion-layout-column fusion_builder_column fusion-builder-column-1 fusion_builder_column_1_1 1_1 fusion-one-full fusion-column-first fusion-column-last\" style=\"--awb-bg-size:cover;--awb-margin-top:20px;\"><div class=\"fusion-column-wrapper fusion-flex-column-wrapper-legacy\"><div class=\"fusion-column-content-centered\"><div class=\"fusion-column-content\"><div class=\"fusion-slider-sc fusion-flexslider-loading flexslider flexslider-hover-type-none\" data-slideshow_autoplay=\"1\" data-slideshow_smooth_height=\"1\" data-slideshow_speed=\"7000\" style=\"max-width:100%;height:100%;\"><ul class=\"slides\"><li class=\"image\"><span class=\"fusion-image-hover-element hover-type-none\"><img decoding=\"async\" src=\"http:\/\/faberrom.ro\/wp-content\/uploads\/2017\/04\/086_faberrom_grp_10.jpg\" \/><\/span><\/li><li class=\"image\"><span class=\"fusion-image-hover-element hover-type-none\"><img decoding=\"async\" src=\"http:\/\/faberrom.ro\/wp-content\/uploads\/2015\/06\/166_faberrom_loctn_040.jpg\" \/><\/span><\/li><li class=\"image\"><span class=\"fusion-image-hover-element hover-type-none\"><img decoding=\"async\" src=\"http:\/\/faberrom.ro\/wp-content\/uploads\/2015\/06\/250_faberrom_loctn_124.jpg\" \/><\/span><\/li><li class=\"image\"><span class=\"fusion-image-hover-element hover-type-none\"><img decoding=\"async\" src=\"http:\/\/faberrom.ro\/wp-content\/uploads\/2015\/06\/195_faberrom_loctn_069.jpg\" \/><\/span><\/li><\/ul><\/div><\/div><\/div><div class=\"fusion-clearfix\"><\/div><\/div><\/div><\/div><\/div>\n","protected":false},"excerpt":{"rendered":"","protected":false},"author":2,"featured_media":928,"comment_status":"closed","ping_status":"open","sticky":false,"template":"","format":"standard","meta":{"footnotes":""},"categories":[39,40],"tags":[],"class_list":["post-1103","post","type-post","status-publish","format-standard","has-post-thumbnail","hentry","category-comunicate-en","category-noutati-en"],"_links":{"self":[{"href":"https:\/\/www.faberrom.ro\/en\/wp-json\/wp\/v2\/posts\/1103","targetHints":{"allow":["GET"]}}],"collection":[{"href":"https:\/\/www.faberrom.ro\/en\/wp-json\/wp\/v2\/posts"}],"about":[{"href":"https:\/\/www.faberrom.ro\/en\/wp-json\/wp\/v2\/types\/post"}],"author":[{"embeddable":true,"href":"https:\/\/www.faberrom.ro\/en\/wp-json\/wp\/v2\/users\/2"}],"replies":[{"embeddable":true,"href":"https:\/\/www.faberrom.ro\/en\/wp-json\/wp\/v2\/comments?post=1103"}],"version-history":[{"count":1,"href":"https:\/\/www.faberrom.ro\/en\/wp-json\/wp\/v2\/posts\/1103\/revisions"}],"predecessor-version":[{"id":1104,"href":"https:\/\/www.faberrom.ro\/en\/wp-json\/wp\/v2\/posts\/1103\/revisions\/1104"}],"wp:featuredmedia":[{"embeddable":true,"href":"https:\/\/www.faberrom.ro\/en\/wp-json\/wp\/v2\/media\/928"}],"wp:attachment":[{"href":"https:\/\/www.faberrom.ro\/en\/wp-json\/wp\/v2\/media?parent=1103"}],"wp:term":[{"taxonomy":"category","embeddable":true,"href":"https:\/\/www.faberrom.ro\/en\/wp-json\/wp\/v2\/categories?post=1103"},{"taxonomy":"post_tag","embeddable":true,"href":"https:\/\/www.faberrom.ro\/en\/wp-json\/wp\/v2\/tags?post=1103"}],"curies":[{"name":"wp","href":"https:\/\/api.w.org\/{rel}","templated":true}]}}